{"id":1256,"date":"2022-11-11T00:44:03","date_gmt":"2022-11-10T23:44:03","guid":{"rendered":"http:\/\/corinne-poilleux.fr\/?p=1256"},"modified":"2022-11-11T00:44:03","modified_gmt":"2022-11-10T23:44:03","slug":"estimer-la-valeur-de-votre-appartement-ou-votre-maison-au-prix-juste-sur-parly-2-le-chesnay-rocquencourt","status":"publish","type":"post","link":"https:\/\/corinne-poilleux.fr\/index.php\/2022\/11\/11\/estimer-la-valeur-de-votre-appartement-ou-votre-maison-au-prix-juste-sur-parly-2-le-chesnay-rocquencourt\/","title":{"rendered":"Estimer la valeur de votre appartement ou votre maison au prix juste sur PARLY 2, LE CHESNAY &#8211; ROCQUENCOURT"},"content":{"rendered":"\n<h2 class=\"wp-block-heading\"><\/h2>\n\n\n\n<h2 class=\"wp-block-heading\"><strong>Vous envisagez de vendre votre appartement ou votre maison sur PARLY 2, LE CHESNAY &#8211; ROCQUENCOURT ?<\/strong><\/h2>\n\n\n\n<p>Estimer la valeur de son bien immobilier n\u2019est pas chose ais\u00e9e. <\/p>\n\n\n\n<p>Ce que vaut votre bien \u00e0 vos yeux ne refl\u00e8te pas toujours la valeur r\u00e9elle du march\u00e9. <\/p>\n\n\n\n<p><strong>La tendance \u00e0 la surestimation est grande<\/strong>. Il convient alors de rester neutre lorsqu\u2019il s\u2019agit de fixer le prix juste.\u00a0<\/p>\n\n\n\n<h2 class=\"wp-block-heading\"><strong>Faites-vous accompagner par un professionnel de l\u2019immobilier&nbsp;<\/strong><\/h2>\n\n\n\n<p>En ce qui concerne la vente immobili\u00e8re, une \u00e9tude Meilleurs Agents pr\u00e9cise que\u00a0: <br><span class=\"has-inline-color has-vivid-red-color\"><strong>\u00ab\u00a0Les agences sont 2,5 fois plus efficaces que les particuliers<\/strong>\u00a0\u00bb<\/span>. <\/p>\n\n\n\n<p><a rel=\"noreferrer noopener\" href=\"https:\/\/www.meilleursagents.com\/wikimmo\/vendre-seul-ou-avec-un-agent-immobilier\/\" target=\"_blank\"><strong>Vendre avec un agence immobili\u00e8re<\/strong><\/a> vous fera gagner du temps et de l\u2019argent car le professionnel dispose de nombreuses ressources et de temps \u00e0 consacrer \u00e0 votre projet.\u00a0<\/p>\n\n\n\n<p>L\u2019expert en immobilier\u00a0:<\/p>\n\n\n\n<p>saura <strong>estimer la valeur de votre logement<\/strong> <strong>au juste prix<\/strong> du march\u00e9,<\/p>\n\n\n\n<p>vous fera <strong>b\u00e9n\u00e9ficier de son r\u00e9seau professionnel<\/strong> et local,<\/p>\n\n\n\n<p>saura <strong>m\u00e9diatiser votre bien immobilier<\/strong>, gr\u00e2ce \u00e0 une annonce habillement r\u00e9dig\u00e9e et des canaux de communication d\u00e9di\u00e9s,\u00a0<\/p>\n\n\n\n<p><strong>s\u00e9lectionnera les meilleures offres d\u2019achat<\/strong>, apr\u00e8s v\u00e9rification de la solidit\u00e9 de chaque dossier,\u00a0<\/p>\n\n\n\n<p>vous <strong>assurera une transaction s\u00e9curis\u00e9e<\/strong>, en ayant v\u00e9rifi\u00e9 scrupuleusement toutes les \u00e9tapes juridiques, du compromis de vente \u00e0 la signature de l\u2019acte authentique.\u00a0<\/p>\n\n\n\n<p><\/p>\n","protected":false},"excerpt":{"rendered":"<p>Vous envisagez de vendre votre appartement ou votre maison sur PARLY 2, LE CHESNAY &#8211; ROCQUENCOURT ? Estimer la valeur de son bien immobilier n\u2019est pas chose ais\u00e9e. Ce que vaut votre bien \u00e0 vos yeux ne refl\u00e8te pas toujours la valeur r\u00e9elle du march\u00e9. La tendance \u00e0 la surestimation est grande. Il convient alors &hellip; <\/p>\n<p class=\"link-more\"><a href=\"https:\/\/corinne-poilleux.fr\/index.php\/2022\/11\/11\/estimer-la-valeur-de-votre-appartement-ou-votre-maison-au-prix-juste-sur-parly-2-le-chesnay-rocquencourt\/\" class=\"more-link\">Continuer la lecture<span class=\"screen-reader-text\"> de &laquo;&nbsp;Estimer la valeur de votre appartement ou votre maison au prix juste sur PARLY 2, LE CHESNAY &#8211; ROCQUENCOURT&nbsp;&raquo;<\/span><\/a><\/p>\n","protected":false},"author":1,"featured_media":0,"comment_status":"closed","ping_status":"","sticky":false,"template":"","format":"standard","meta":{"footnotes":""},"categories":[1],"tags":[],"class_list":["post-1256","post","type-post","status-publish","format-standard","hentry","category-non-classe"],"_links":{"self":[{"href":"https:\/\/corinne-poilleux.fr\/index.php\/wp-json\/wp\/v2\/posts\/1256","targetHints":{"allow":["GET"]}}],"collection":[{"href":"https:\/\/corinne-poilleux.fr\/index.php\/wp-json\/wp\/v2\/posts"}],"about":[{"href":"https:\/\/corinne-poilleux.fr\/index.php\/wp-json\/wp\/v2\/types\/post"}],"author":[{"embeddable":true,"href":"https:\/\/corinne-poilleux.fr\/index.php\/wp-json\/wp\/v2\/users\/1"}],"replies":[{"embeddable":true,"href":"https:\/\/corinne-poilleux.fr\/index.php\/wp-json\/wp\/v2\/comments?post=1256"}],"version-history":[{"count":1,"href":"https:\/\/corinne-poilleux.fr\/index.php\/wp-json\/wp\/v2\/posts\/1256\/revisions"}],"predecessor-version":[{"id":1257,"href":"https:\/\/corinne-poilleux.fr\/index.php\/wp-json\/wp\/v2\/posts\/1256\/revisions\/1257"}],"wp:attachment":[{"href":"https:\/\/corinne-poilleux.fr\/index.php\/wp-json\/wp\/v2\/media?parent=1256"}],"wp:term":[{"taxonomy":"category","embeddable":true,"href":"https:\/\/corinne-poilleux.fr\/index.php\/wp-json\/wp\/v2\/categories?post=1256"},{"taxonomy":"post_tag","embeddable":true,"href":"https:\/\/corinne-poilleux.fr\/index.php\/wp-json\/wp\/v2\/tags?post=1256"}],"curies":[{"name":"wp","href":"https:\/\/api.w.org\/{rel}","templated":true}]}}